
{"id":5950,"date":"2017-03-14T14:17:22","date_gmt":"2017-03-14T14:17:22","guid":{"rendered":"https:\/\/www.npf.ie\/sineadh-curtha-leis-an-spriocdhata-i-gcomhair-aighneachtai\/"},"modified":"2025-04-07T10:36:36","modified_gmt":"2025-04-07T10:36:36","slug":"sineadh-curtha-leis-an-spriocdhata-i-gcomhair-aighneachtai","status":"publish","type":"post","link":"https:\/\/www.npf.ie\/ga\/sineadh-curtha-leis-an-spriocdhata-i-gcomhair-aighneachtai\/","title":{"rendered":"S\u00edneadh curtha leis an spriocdh\u00e1ta i gcomhair aighneachta\u00ed"},"content":{"rendered":"<p>T\u00e1 s\u00edneadh curtha leis an spriocdh\u00e1ta i gcomhair aighneachta\u00ed go dt\u00ed 12 me\u00e1n lae D\u00e9 hAoine, 31 M\u00e1rta. Caith s\u00fail ar an leathanach <a href=\"https:\/\/npf.fusio.dev\/share-your-views\/\">Roinn do chuid tuairim\u00ed linn<\/a> chun sonra\u00ed a fh\u00e1il faoin gcaoi le d\u2019aighneacht a dh\u00e9anamh.<\/p>\n","protected":false},"excerpt":{"rendered":"<p>T\u00e1 s\u00edneadh curtha leis an spriocdh\u00e1ta i gcomhair aighneachta\u00ed go dt\u00ed 12 me\u00e1n lae D\u00e9 hAoine, 31 M\u00e1rta. Caith s\u00fail [&hellip;]<\/p>\n","protected":false},"author":10,"featured_media":0,"comment_status":"closed","ping_status":"closed","sticky":false,"template":"","format":"standard","meta":{"_uag_custom_page_level_css":"","site-sidebar-layout":"default","site-content-layout":"","ast-site-content-layout":"default","site-content-style":"default","site-sidebar-style":"default","ast-global-header-display":"","ast-banner-title-visibility":"","ast-main-header-display":"","ast-hfb-above-header-display":"","ast-hfb-below-header-display":"","ast-hfb-mobile-header-display":"","site-post-title":"","ast-breadcrumbs-content":"","ast-featured-img":"","footer-sml-layout":"","ast-disable-related-posts":"","theme-transparent-header-meta":"","adv-header-id-meta":"","stick-header-meta":"","header-above-stick-meta":"","header-main-stick-meta":"","header-below-stick-meta":"","astra-migrate-meta-layouts":"default","ast-page-background-enabled":"default","ast-page-background-meta":{"desktop":{"background-color":"var(--ast-global-color-5)","background-image":"","background-repeat":"repeat","background-position":"center center","background-size":"auto","background-attachment":"scroll","background-type":"","background-media":"","overlay-type":"","overlay-color":"","overlay-opacity":"","overlay-gradient":""},"tablet":{"background-color":"","background-image":"","background-repeat":"repeat","background-position":"center center","background-size":"auto","background-attachment":"scroll","background-type":"","background-media":"","overlay-type":"","overlay-color":"","overlay-opacity":"","overlay-gradient":""},"mobile":{"background-color":"","background-image":"","background-repeat":"repeat","background-position":"center center","background-size":"auto","background-attachment":"scroll","background-type":"","background-media":"","overlay-type":"","overlay-color":"","overlay-opacity":"","overlay-gradient":""}},"ast-content-background-meta":{"desktop":{"background-color":"var(--ast-global-color-4)","background-image":"","background-repeat":"repeat","background-position":"center center","background-size":"auto","background-attachment":"scroll","background-type":"","background-media":"","overlay-type":"","overlay-color":"","overlay-opacity":"","overlay-gradient":""},"tablet":{"background-color":"var(--ast-global-color-4)","background-image":"","background-repeat":"repeat","background-position":"center center","background-size":"auto","background-attachment":"scroll","background-type":"","background-media":"","overlay-type":"","overlay-color":"","overlay-opacity":"","overlay-gradient":""},"mobile":{"background-color":"var(--ast-global-color-4)","background-image":"","background-repeat":"repeat","background-position":"center center","background-size":"auto","background-attachment":"scroll","background-type":"","background-media":"","overlay-type":"","overlay-color":"","overlay-opacity":"","overlay-gradient":""}},"footnotes":""},"categories":[193],"tags":[],"class_list":["post-5950","post","type-post","status-publish","format-standard","hentry","category-archive-ga"],"yoast_head":"<!-- This site is optimized with the Yoast SEO plugin v27.5 - https:\/\/yoast.com\/product\/yoast-seo-wordpress\/ -->\n<title>S\u00edneadh curtha leis an spriocdh\u00e1ta i gcomhair aighneachta\u00ed - The National Planning Framework<\/title>\n<meta name=\"robots\" content=\"index, follow, max-snippet:-1, max-image-preview:large, max-video-preview:-1\" \/>\n<link rel=\"canonical\" href=\"https:\/\/www.npf.ie\/ga\/sineadh-curtha-leis-an-spriocdhata-i-gcomhair-aighneachtai\/\" \/>\n<meta property=\"og:locale\" content=\"ga_IE\" \/>\n<meta property=\"og:type\" content=\"article\" \/>\n<meta property=\"og:title\" content=\"S\u00edneadh curtha leis an spriocdh\u00e1ta i gcomhair aighneachta\u00ed - The National Planning Framework\" \/>\n<meta property=\"og:description\" content=\"T\u00e1 s\u00edneadh curtha leis an spriocdh\u00e1ta i gcomhair aighneachta\u00ed go dt\u00ed 12 me\u00e1n lae D\u00e9 hAoine, 31 M\u00e1rta. Caith s\u00fail [&hellip;]\" \/>\n<meta property=\"og:url\" content=\"https:\/\/www.npf.ie\/ga\/sineadh-curtha-leis-an-spriocdhata-i-gcomhair-aighneachtai\/\" \/>\n<meta property=\"og:site_name\" content=\"The National Planning Framework\" \/>\n<meta property=\"article:published_time\" content=\"2017-03-14T14:17:22+00:00\" \/>\n<meta property=\"article:modified_time\" content=\"2025-04-07T10:36:36+00:00\" \/>\n<meta name=\"author\" content=\"Colette McCarthy\" \/>\n<meta name=\"twitter:card\" content=\"summary_large_image\" \/>\n<meta name=\"twitter:label1\" content=\"Written by\" \/>\n\t<meta name=\"twitter:data1\" content=\"Colette McCarthy\" \/>\n<script type=\"application\/ld+json\" class=\"yoast-schema-graph\">{\"@context\":\"https:\\\/\\\/schema.org\",\"@graph\":[{\"@type\":\"Article\",\"@id\":\"https:\\\/\\\/www.npf.ie\\\/ga\\\/sineadh-curtha-leis-an-spriocdhata-i-gcomhair-aighneachtai\\\/#article\",\"isPartOf\":{\"@id\":\"https:\\\/\\\/www.npf.ie\\\/ga\\\/sineadh-curtha-leis-an-spriocdhata-i-gcomhair-aighneachtai\\\/\"},\"author\":{\"name\":\"Colette McCarthy\",\"@id\":\"https:\\\/\\\/www.npf.ie\\\/ga\\\/#\\\/schema\\\/person\\\/6805e39f3036469757bd14a9a8c875f2\"},\"headline\":\"S\u00edneadh curtha leis an spriocdh\u00e1ta i gcomhair aighneachta\u00ed\",\"datePublished\":\"2017-03-14T14:17:22+00:00\",\"dateModified\":\"2025-04-07T10:36:36+00:00\",\"mainEntityOfPage\":{\"@id\":\"https:\\\/\\\/www.npf.ie\\\/ga\\\/sineadh-curtha-leis-an-spriocdhata-i-gcomhair-aighneachtai\\\/\"},\"wordCount\":54,\"publisher\":{\"@id\":\"https:\\\/\\\/www.npf.ie\\\/ga\\\/#organization\"},\"articleSection\":[\"Archive\"],\"inLanguage\":\"ga-IE\"},{\"@type\":\"WebPage\",\"@id\":\"https:\\\/\\\/www.npf.ie\\\/ga\\\/sineadh-curtha-leis-an-spriocdhata-i-gcomhair-aighneachtai\\\/\",\"url\":\"https:\\\/\\\/www.npf.ie\\\/ga\\\/sineadh-curtha-leis-an-spriocdhata-i-gcomhair-aighneachtai\\\/\",\"name\":\"S\u00edneadh curtha leis an spriocdh\u00e1ta i gcomhair aighneachta\u00ed - The National Planning Framework\",\"isPartOf\":{\"@id\":\"https:\\\/\\\/www.npf.ie\\\/ga\\\/#website\"},\"datePublished\":\"2017-03-14T14:17:22+00:00\",\"dateModified\":\"2025-04-07T10:36:36+00:00\",\"breadcrumb\":{\"@id\":\"https:\\\/\\\/www.npf.ie\\\/ga\\\/sineadh-curtha-leis-an-spriocdhata-i-gcomhair-aighneachtai\\\/#breadcrumb\"},\"inLanguage\":\"ga-IE\",\"potentialAction\":[{\"@type\":\"ReadAction\",\"target\":[\"https:\\\/\\\/www.npf.ie\\\/ga\\\/sineadh-curtha-leis-an-spriocdhata-i-gcomhair-aighneachtai\\\/\"]}]},{\"@type\":\"BreadcrumbList\",\"@id\":\"https:\\\/\\\/www.npf.ie\\\/ga\\\/sineadh-curtha-leis-an-spriocdhata-i-gcomhair-aighneachtai\\\/#breadcrumb\",\"itemListElement\":[{\"@type\":\"ListItem\",\"position\":1,\"name\":\"Home\",\"item\":\"https:\\\/\\\/www.npf.ie\\\/ga\\\/\"},{\"@type\":\"ListItem\",\"position\":2,\"name\":\"S\u00edneadh curtha leis an spriocdh\u00e1ta i gcomhair aighneachta\u00ed\"}]},{\"@type\":\"WebSite\",\"@id\":\"https:\\\/\\\/www.npf.ie\\\/ga\\\/#website\",\"url\":\"https:\\\/\\\/www.npf.ie\\\/ga\\\/\",\"name\":\"National Planning Framework\",\"description\":\"\",\"publisher\":{\"@id\":\"https:\\\/\\\/www.npf.ie\\\/ga\\\/#organization\"},\"potentialAction\":[{\"@type\":\"SearchAction\",\"target\":{\"@type\":\"EntryPoint\",\"urlTemplate\":\"https:\\\/\\\/www.npf.ie\\\/ga\\\/?s={search_term_string}\"},\"query-input\":{\"@type\":\"PropertyValueSpecification\",\"valueRequired\":true,\"valueName\":\"search_term_string\"}}],\"inLanguage\":\"ga-IE\"},{\"@type\":\"Organization\",\"@id\":\"https:\\\/\\\/www.npf.ie\\\/ga\\\/#organization\",\"name\":\"Department of Housing, Local Government and Heritage\",\"url\":\"https:\\\/\\\/www.npf.ie\\\/ga\\\/\",\"logo\":{\"@type\":\"ImageObject\",\"inLanguage\":\"ga-IE\",\"@id\":\"https:\\\/\\\/www.npf.ie\\\/ga\\\/#\\\/schema\\\/logo\\\/image\\\/\",\"url\":\"https:\\\/\\\/www.npf.ie\\\/wp-content\\\/uploads\\\/npf_logo_feb18_horizontal-3-1-1.png\",\"contentUrl\":\"https:\\\/\\\/www.npf.ie\\\/wp-content\\\/uploads\\\/npf_logo_feb18_horizontal-3-1-1.png\",\"width\":255,\"height\":46,\"caption\":\"Department of Housing, Local Government and Heritage\"},\"image\":{\"@id\":\"https:\\\/\\\/www.npf.ie\\\/ga\\\/#\\\/schema\\\/logo\\\/image\\\/\"}},{\"@type\":\"Person\",\"@id\":\"https:\\\/\\\/www.npf.ie\\\/ga\\\/#\\\/schema\\\/person\\\/6805e39f3036469757bd14a9a8c875f2\",\"name\":\"Colette McCarthy\",\"image\":{\"@type\":\"ImageObject\",\"inLanguage\":\"ga-IE\",\"@id\":\"https:\\\/\\\/secure.gravatar.com\\\/avatar\\\/2bc45d3dfb9694c77b91301aeb068111a4bc95acf8f278afe0ae0f170ff630aa?s=96&d=mm&r=g\",\"url\":\"https:\\\/\\\/secure.gravatar.com\\\/avatar\\\/2bc45d3dfb9694c77b91301aeb068111a4bc95acf8f278afe0ae0f170ff630aa?s=96&d=mm&r=g\",\"contentUrl\":\"https:\\\/\\\/secure.gravatar.com\\\/avatar\\\/2bc45d3dfb9694c77b91301aeb068111a4bc95acf8f278afe0ae0f170ff630aa?s=96&d=mm&r=g\",\"caption\":\"Colette McCarthy\"}}]}<\/script>\n<!-- \/ Yoast SEO plugin. -->","yoast_head_json":{"title":"S\u00edneadh curtha leis an spriocdh\u00e1ta i gcomhair aighneachta\u00ed - The National Planning Framework","robots":{"index":"index","follow":"follow","max-snippet":"max-snippet:-1","max-image-preview":"max-image-preview:large","max-video-preview":"max-video-preview:-1"},"canonical":"https:\/\/www.npf.ie\/ga\/sineadh-curtha-leis-an-spriocdhata-i-gcomhair-aighneachtai\/","og_locale":"ga_IE","og_type":"article","og_title":"S\u00edneadh curtha leis an spriocdh\u00e1ta i gcomhair aighneachta\u00ed - The National Planning Framework","og_description":"T\u00e1 s\u00edneadh curtha leis an spriocdh\u00e1ta i gcomhair aighneachta\u00ed go dt\u00ed 12 me\u00e1n lae D\u00e9 hAoine, 31 M\u00e1rta. Caith s\u00fail [&hellip;]","og_url":"https:\/\/www.npf.ie\/ga\/sineadh-curtha-leis-an-spriocdhata-i-gcomhair-aighneachtai\/","og_site_name":"The National Planning Framework","article_published_time":"2017-03-14T14:17:22+00:00","article_modified_time":"2025-04-07T10:36:36+00:00","author":"Colette McCarthy","twitter_card":"summary_large_image","twitter_misc":{"Written by":"Colette McCarthy"},"schema":{"@context":"https:\/\/schema.org","@graph":[{"@type":"Article","@id":"https:\/\/www.npf.ie\/ga\/sineadh-curtha-leis-an-spriocdhata-i-gcomhair-aighneachtai\/#article","isPartOf":{"@id":"https:\/\/www.npf.ie\/ga\/sineadh-curtha-leis-an-spriocdhata-i-gcomhair-aighneachtai\/"},"author":{"name":"Colette McCarthy","@id":"https:\/\/www.npf.ie\/ga\/#\/schema\/person\/6805e39f3036469757bd14a9a8c875f2"},"headline":"S\u00edneadh curtha leis an spriocdh\u00e1ta i gcomhair aighneachta\u00ed","datePublished":"2017-03-14T14:17:22+00:00","dateModified":"2025-04-07T10:36:36+00:00","mainEntityOfPage":{"@id":"https:\/\/www.npf.ie\/ga\/sineadh-curtha-leis-an-spriocdhata-i-gcomhair-aighneachtai\/"},"wordCount":54,"publisher":{"@id":"https:\/\/www.npf.ie\/ga\/#organization"},"articleSection":["Archive"],"inLanguage":"ga-IE"},{"@type":"WebPage","@id":"https:\/\/www.npf.ie\/ga\/sineadh-curtha-leis-an-spriocdhata-i-gcomhair-aighneachtai\/","url":"https:\/\/www.npf.ie\/ga\/sineadh-curtha-leis-an-spriocdhata-i-gcomhair-aighneachtai\/","name":"S\u00edneadh curtha leis an spriocdh\u00e1ta i gcomhair aighneachta\u00ed - The National Planning Framework","isPartOf":{"@id":"https:\/\/www.npf.ie\/ga\/#website"},"datePublished":"2017-03-14T14:17:22+00:00","dateModified":"2025-04-07T10:36:36+00:00","breadcrumb":{"@id":"https:\/\/www.npf.ie\/ga\/sineadh-curtha-leis-an-spriocdhata-i-gcomhair-aighneachtai\/#breadcrumb"},"inLanguage":"ga-IE","potentialAction":[{"@type":"ReadAction","target":["https:\/\/www.npf.ie\/ga\/sineadh-curtha-leis-an-spriocdhata-i-gcomhair-aighneachtai\/"]}]},{"@type":"BreadcrumbList","@id":"https:\/\/www.npf.ie\/ga\/sineadh-curtha-leis-an-spriocdhata-i-gcomhair-aighneachtai\/#breadcrumb","itemListElement":[{"@type":"ListItem","position":1,"name":"Home","item":"https:\/\/www.npf.ie\/ga\/"},{"@type":"ListItem","position":2,"name":"S\u00edneadh curtha leis an spriocdh\u00e1ta i gcomhair aighneachta\u00ed"}]},{"@type":"WebSite","@id":"https:\/\/www.npf.ie\/ga\/#website","url":"https:\/\/www.npf.ie\/ga\/","name":"National Planning Framework","description":"","publisher":{"@id":"https:\/\/www.npf.ie\/ga\/#organization"},"potentialAction":[{"@type":"SearchAction","target":{"@type":"EntryPoint","urlTemplate":"https:\/\/www.npf.ie\/ga\/?s={search_term_string}"},"query-input":{"@type":"PropertyValueSpecification","valueRequired":true,"valueName":"search_term_string"}}],"inLanguage":"ga-IE"},{"@type":"Organization","@id":"https:\/\/www.npf.ie\/ga\/#organization","name":"Department of Housing, Local Government and Heritage","url":"https:\/\/www.npf.ie\/ga\/","logo":{"@type":"ImageObject","inLanguage":"ga-IE","@id":"https:\/\/www.npf.ie\/ga\/#\/schema\/logo\/image\/","url":"https:\/\/www.npf.ie\/wp-content\/uploads\/npf_logo_feb18_horizontal-3-1-1.png","contentUrl":"https:\/\/www.npf.ie\/wp-content\/uploads\/npf_logo_feb18_horizontal-3-1-1.png","width":255,"height":46,"caption":"Department of Housing, Local Government and Heritage"},"image":{"@id":"https:\/\/www.npf.ie\/ga\/#\/schema\/logo\/image\/"}},{"@type":"Person","@id":"https:\/\/www.npf.ie\/ga\/#\/schema\/person\/6805e39f3036469757bd14a9a8c875f2","name":"Colette McCarthy","image":{"@type":"ImageObject","inLanguage":"ga-IE","@id":"https:\/\/secure.gravatar.com\/avatar\/2bc45d3dfb9694c77b91301aeb068111a4bc95acf8f278afe0ae0f170ff630aa?s=96&d=mm&r=g","url":"https:\/\/secure.gravatar.com\/avatar\/2bc45d3dfb9694c77b91301aeb068111a4bc95acf8f278afe0ae0f170ff630aa?s=96&d=mm&r=g","contentUrl":"https:\/\/secure.gravatar.com\/avatar\/2bc45d3dfb9694c77b91301aeb068111a4bc95acf8f278afe0ae0f170ff630aa?s=96&d=mm&r=g","caption":"Colette McCarthy"}}]}},"spectra_custom_meta":{"_wpml_word_count":["{\"total\":0,\"to_translate\":{\"en\":54,\"ga\":54}}"],"dt_standard_select":["selectkey1"],"dt_link_radio":["blank"],"_top_nav_excluded":[""],"_cms_nav_minihome":[""],"_alp_processed":["1545217585"],"_encloseme":["1"],"_last_translation_edit_mode":["translation-editor"],"slide_template":["default"],"_cmplz_scanned_post":["1"]},"uagb_featured_image_src":{"full":false,"thumbnail":false,"medium":false,"medium_large":false,"large":false,"1536x1536":false,"2048x2048":false},"uagb_author_info":{"display_name":"Colette McCarthy","author_link":"https:\/\/www.npf.ie\/ga\/author\/colette-mccarthy\/"},"uagb_comment_info":0,"uagb_excerpt":"T\u00e1 s\u00edneadh curtha leis an spriocdh\u00e1ta i gcomhair aighneachta\u00ed go dt\u00ed 12 me\u00e1n lae D\u00e9 hAoine, 31 M\u00e1rta. Caith s\u00fail [&hellip;]","_links":{"self":[{"href":"https:\/\/www.npf.ie\/ga\/wp-json\/wp\/v2\/posts\/5950","targetHints":{"allow":["GET"]}}],"collection":[{"href":"https:\/\/www.npf.ie\/ga\/wp-json\/wp\/v2\/posts"}],"about":[{"href":"https:\/\/www.npf.ie\/ga\/wp-json\/wp\/v2\/types\/post"}],"author":[{"embeddable":true,"href":"https:\/\/www.npf.ie\/ga\/wp-json\/wp\/v2\/users\/10"}],"replies":[{"embeddable":true,"href":"https:\/\/www.npf.ie\/ga\/wp-json\/wp\/v2\/comments?post=5950"}],"version-history":[{"count":1,"href":"https:\/\/www.npf.ie\/ga\/wp-json\/wp\/v2\/posts\/5950\/revisions"}],"predecessor-version":[{"id":9417,"href":"https:\/\/www.npf.ie\/ga\/wp-json\/wp\/v2\/posts\/5950\/revisions\/9417"}],"wp:attachment":[{"href":"https:\/\/www.npf.ie\/ga\/wp-json\/wp\/v2\/media?parent=5950"}],"wp:term":[{"taxonomy":"category","embeddable":true,"href":"https:\/\/www.npf.ie\/ga\/wp-json\/wp\/v2\/categories?post=5950"},{"taxonomy":"post_tag","embeddable":true,"href":"https:\/\/www.npf.ie\/ga\/wp-json\/wp\/v2\/tags?post=5950"}],"curies":[{"name":"wp","href":"https:\/\/api.w.org\/{rel}","templated":true}]}}