
{"id":5948,"date":"2017-03-14T16:20:45","date_gmt":"2017-03-14T16:20:45","guid":{"rendered":"https:\/\/www.npf.ie\/tugann-an-taire-coveney-aitheasc-do-mhic-leinn-ollscoil-luimnigh-agus-do-phriomhphairtithe-leasmhara-faoi-eire-2040-ar-bplean\/"},"modified":"2025-04-07T10:36:14","modified_gmt":"2025-04-07T10:36:14","slug":"tugann-an-taire-coveney-aitheasc-do-mhic-leinn-ollscoil-luimnigh-agus-do-phriomhphairtithe-leasmhara-faoi-eire-2040-ar-bplean","status":"publish","type":"post","link":"https:\/\/www.npf.ie\/ga\/tugann-an-taire-coveney-aitheasc-do-mhic-leinn-ollscoil-luimnigh-agus-do-phriomhphairtithe-leasmhara-faoi-eire-2040-ar-bplean\/","title":{"rendered":"Tugann an tAire Coveney aitheasc do mhic l\u00e9inn Ollscoil Luimnigh agus do phr\u00edomhph\u00e1irtithe leasmhara faoi \u201c\u00c9ire 2040 \u2013 \u00c1r bPlean\u201d"},"content":{"rendered":"<p>Agus \u00e9 i l\u00e1thair i Scoil na hAiltireachta, Ollscoil Luimnigh, inniu (D\u00e9 M\u00e1irt, 14 M\u00e1rta) lorg an tAire Tith\u00edochta, Plean\u00e1la agus Rialtais \u00c1iti\u00fail, Simon Coveney, tuairim\u00ed maidir le hullmh\u00fa an chreata um plean\u00e1il agus forbairt strait\u00e9iseach d\u2019\u00c9irinn idir seo agus 2040.<br \/>\n<!--more--><br \/>\nAgus \u00e9 in Ollscoil Luimnigh, ghlac an tAire Coveney p\u00e1irt i nd\u00edosp\u00f3ireacht phain\u00e9il leis na mic l\u00e9inn, ar a ndearna Shane Coleman cathaoirleacht. Agus \u00e9 \u00e1 spreagadh si\u00fad a bh\u00ed i l\u00e1thair, na mic l\u00e9inn go h\u00e1irithe, chun a dtuairim\u00ed maidir le \u2018\u00c9ire 2040 \u2013 \u00c1r bPlean\u2019 a chur in i\u00fal, d\u00fairt an tAire leo gur \u201cpribhl\u00e9id dom a bheith anseo inniu i Luimneach, cathair ag a bhfuil oidhreacht th\u00f3gtha shaibhir. Is cathair \u00e9 Luimneach a d\u2019fh\u00e9ach chun tosaigh i gc\u00f3na\u00ed, b\u00edodh sin le linn phlean\u00e1il na cathrach Seoirs\u00ed san 18\u00fa haois n\u00f3 le linn th\u00f3g\u00e1il Ard na Croise san 20\u00fa haois. Is \u00e1it \u00e9 Luimneach ina bhfuil samhla\u00edocht mh\u00f3r maidir leis m\u00e9id a d\u2019fh\u00e9adfa\u00ed a bhaint amach amach anseo.<br \/>\nMar chuid den chruinni\u00fa leis na mic l\u00e9inn bh\u00ed d\u00edosp\u00f3ireacht le pain\u00e9al ar a raibh mic l\u00e9inn \u00f3 Scoil na hAiltireachta, \u00f3 Dhearadh T\u00e1irg\u00ed, \u00f3 Scoil Ghn\u00f3 Kemmy, \u00f3n bPolait\u00edocht agus Riarach\u00e1n Poibl\u00ed, agus \u00f3 Aontas Mac L\u00e9inn na hOllscoile. D\u00fairt an tAire leis an lucht f\u00e9achana:<\/p>\n<blockquote><p>\u201cN\u00ed f\u00e9idir an cine\u00e1l \u00e1ite a bheidh in \u00c9irinn sa bhliain 2040 a thuar go cinnte ach mar gheall ar n\u00e1d\u00far fadt\u00e9armach na plean\u00e1la strait\u00e9is\u00ed beidh feidhm dh\u00edreach ag na roghanna agus na cinnt\u00ed a dh\u00e9antar anois ar na tortha\u00ed a bheidh le feice\u00e1il amach anseo. Anois a chaithfimid machnamh a dh\u00e9anamh ar an todhcha\u00ed fhadt\u00e9armach i ngach cearn den oile\u00e1n seo agus conas plean\u00e1il a dh\u00e9anamh don todhcha\u00ed sin. Mar gheall ar dhul chun cinn lean\u00fanach beidh orainn beala\u00ed nua a aithint chun leas a bhaint as feidhm\u00edocht fheabhsaithe le go mbainfear amach tortha\u00ed a dh\u00e9anfaidh difr\u00edocht ar an leibh\u00e9al n\u00e1isi\u00fanta.<\/p>\n<p>T\u00e1 f\u00edorth\u00e1bhacht ag baint le bhur dtuairim\u00ed maidir le c\u00e9n s\u00f3rt cuir chuige nua a bheidh ann chun spriocanna t\u00e1bhachtacha d\u00e9imeagrafacha, s\u00f3isialta agus comhshaoil a bhaint amach, amhail aghaidh a thabhairt ar chomait\u00e9ireacht, m\u00edbhunt\u00e1iste sh\u00f3isialta, freagairt a thabhairt ar athr\u00fa aer\u00e1ide, agus go leor saincheisteanna t\u00e1bhachtacha eile. T\u00e1 s\u00fail agam go gcuirfidh sibhse, mic l\u00e9inn eile na hollscoile, bhur muintir agus bhur bpobail, bhur dtuairim\u00ed in i\u00fal agus b\u2019fh\u00e9idir go dtabharfaidh sibh spreagadh d\u00f3ibh \u00e9 sin a dh\u00e9anamh.\u201d\n<\/p><\/blockquote>\n<p>T\u00e1 an tAire Coveney i gceannas ar an bhfoireann idir-rannach ardleibh\u00e9al at\u00e1 i mbun an plean \u2018\u00c9ire 2040\u2019 a fhorbairt, agus ghlac s\u00e9 an deis chun na saincheisteanna ar a mbeidh ullmh\u00fa an phlean d\u00edrithe a leagan amach:<\/p>\n<ul style=\"list-style-type: disc; list-style-position: inside; padding: 10px 0 10px 20px; text-indent: -2em;\">\n<li>M\u00e9ad\u00fa de thart ar 1 mhilli\u00fan duine ar an daonra n\u00e1isi\u00fanta;<\/li>\n<li>N\u00edos m\u00f3 n\u00e1 aon ch\u00faigi\u00fa de dhaonra ioml\u00e1n na h\u00c9ireann os cionn 65 bliain d\u2019aois;<\/li>\n<li>500,000 duine breise i mbun oibre;<\/li>\n<li>500,000 \u00e1it ch\u00f3naithe ag teast\u00e1il i bhfad n\u00edos c\u00f3ngara\u00ed do sheirbh\u00eds\u00ed agus \u00e1iseanna; agus<\/li>\n<li>Athbheochan a chur faoi shaol tr\u00e1cht\u00e1la agus saol an phobail i gcro\u00edl\u00e1r \u00e1r gcathracha agus \u00e1r mbailte agus buanna \u00e9ags\u00fala \u00e1r bpobal tuaithe a chosaint<\/li>\n<\/ul>\n<blockquote><p>\u201cT\u00e1imid ag lorg tuairim\u00ed \u00f3n bpobal anois maidir le cad iad na saincheisteanna, agus conas is f\u00e9idir linn, le ch\u00e9ile, aghaidh a thabhairt ar shraoille\u00e1il uirbeach agus forbairt mh\u00edchothrom, \u00fas\u00e1id n\u00edos fearr a bhaint as f\u00e9idearthachta\u00ed na gceantar uirbeach agus tuaithe araon agus pl\u00f3d\u00fa agus tionchair dh\u00edobh\u00e1lacha ar shaol daoine agus ar an timpeallacht a sheachaint.\u201d<\/p><\/blockquote>\n<p>T\u00e1 na sonra\u00ed go l\u00e9ir ar f\u00e1il ag www.ireland2040.ie agus iarrtar ar an bpobal a thuairim\u00ed tosaigh a chur in i\u00fal faoin 31 M\u00e1rta. Bainfear \u00fas\u00e1id an na tuairim\u00ed sin chun dr\u00e9achtch\u00f3ip den Phlean a ullmh\u00fa, agus is d\u00f3cha go n-eiseofar \u00e9 chun tuilleadh comhairli\u00fach\u00e1in a fh\u00e1il roimh an samhradh. Nuair a bheidh tuairim\u00ed an phobail curtha san \u00e1ireamh an athuair, is d\u00f3cha go gcuirfear leagan deiridh den phlean faoi bhr\u00e1id an Rialtais san fh\u00f3mhar.<\/p>\n<div style=\"background-color: rgba(231,230,221,0.5); border: 1px solid rgba(231,230,221,1); padding: 15px; margin-bottom: 30px; margin-top: 30px; overflow: hidden; border-radius: 5px;\">\n<h6 style=\"margin: 0 !important; padding: 0 !important;\">FLean muid ar <a href=\"https:\/\/twitter.com\/Ire2040\">Twitter<\/a> @ire2040 #Ireland2040<\/h6>\n<\/div>\n<hr \/>\n<h3>Cad \u00e9 an Creat N\u00e1isi\u00fanta Plean\u00e1la?<\/h3>\n<p>Sa Chreat N\u00e1isi\u00fanta Plean\u00e1la \u2013 \u201c\u00c9ire 2040 \u2013 \u00c1r bPlean\u201d \u2013 leagfar amach comhth\u00e9acs nua strait\u00e9iseach plean\u00e1la agus forbartha d\u2019\u00c9irinn agus a r\u00e9igi\u00fain go l\u00e9ir as seo go dt\u00ed 2040, agus leagfar amach creat strait\u00e9iseach ardleibh\u00e9il chun comhord\u00fa a dh\u00e9anamh ar raon beartas agus gn\u00edomha\u00edochta\u00ed, plean\u00e1la agus infheist\u00edochta de chuid na n-\u00fadar\u00e1s n\u00e1isi\u00fanta, r\u00e9igi\u00fanach agus \u00e1iti\u00fail.<\/p>\n<p>Is tr\u00e1th\u00fail go bhfuil an creat \u00e1 fhorbairt anois mar gheall ar an ng\u00e1 le plean fadt\u00e9armach le haghaidh f\u00e1s inbhuanaithe, \u00f3s rud \u00e9 go bhfuil an t-airgead n\u00e1isi\u00fanta cobhsaithe againn agus go bhfuilimid ag d\u00e9anamh dul chun cinn suntasach i r\u00e9ims\u00ed a bhaineann le forbairt eacnama\u00edoch agus sh\u00f3isialta, d&#8217;ainneoin na ndeacrachta\u00ed a bhaineann le c\u00farsa\u00ed difri\u00fala ar n\u00f3s an Bhreatimeachta.<\/p>\n<p>Mar gheilleagar rath\u00fail dinimici\u00fail oscailte ag a bhfuil naisc mhaithe soir-siar agus \u00f3 thuaidh-theas leis an R\u00edocht Aontaithe, an tAontas Eorpach, na St\u00e1it Aontaithe agus ar fud an domhain, t\u00e1 g\u00e1 le creat nua le teacht i ndiaidh na Strait\u00e9ise Sp\u00e1is N\u00e1isi\u00fanta, a bhain leis na blianta 2002-2020, agus n\u00ed m\u00f3r t\u00f3g\u00e1il ar thionscnaimh Rialtais in earn\u00e1lacha \u00e9ags\u00fala agus iad a tharraingt le ch\u00e9ile, i r\u00e9ims\u00ed amhail tith\u00edocht (\u00c9ire a At\u00f3g\u00e1il), fadhbanna tuaithe (an Plean Gn\u00edmh d\u2019Fhorbairt Tuaithe), fosta\u00edocht (an Plean Gn\u00edomha\u00edochta le haghaidh Post) agus go leor eile.<\/p>\n<p>Go praitici\u00fail, tabharfaidh an Creat N\u00e1isi\u00fanta Plean\u00e1la treoir beartais r\u00edth\u00e1bhachtach nua ar an m\u00e9id seo a leanas, i measc raon saincheisteanna eile:<\/p>\n<ul style=\"list-style-type: disc; list-style-position: inside; padding: 10px 0 10px 20px; text-indent: -2em;\">\n<li>Sol\u00e1thar a dh\u00e9anamh do threochta\u00ed agus f\u00e1s sa todhcha\u00ed i dtaca le fosta\u00edocht agus tith\u00edocht;<\/li>\n<li>An bealach is \u00e9ifeachta\u00ed gur f\u00e9idir le gach r\u00e9igi\u00fan in \u00c9irinn r\u00f3l ioml\u00e1n a imirt san fhorbairt n\u00e1isi\u00fanta fhorioml\u00e1n;<\/li>\n<li>Measc\u00e1n ceart de bhonneagar fisici\u00fail agus s\u00f3isialta a chur ar f\u00e1il sna r\u00e9igi\u00fain in ord tosa\u00edochta laistigh de na hacmhainn\u00ed at\u00e1 ar f\u00e1il;<\/li>\n<li>Forbairt n\u00edos glaine agus n\u00edos inbhuanaithe a dh\u00e9anamh; agus<\/li>\n<li>Na deiseanna at\u00e1 ann i gcomhar cur chuige forbartha uile-oile\u00e1in a neart\u00fa.<\/li>\n<li>Mar strait\u00e9is, aithneofar sa Chreat na point\u00ed is fearr le comhord\u00fa beartais agus infheist\u00edocht stuama a chur le ch\u00e9ile ar fud an Rialtais, idir l\u00e1r-Rialtas agus rialtas \u00e1iti\u00fail, chun na tortha\u00ed is fearr a sheachadadh d\u00e1r dt\u00edr ina hioml\u00e1ine agus do na r\u00e9igi\u00fain.<\/li>\n<\/ul>\n<p>Tabharfaidh an Creat N\u00e1isi\u00fanta Plean\u00e1la aghaidh ar threochta\u00ed at\u00e1 ag teacht chun cinn amhail:<\/p>\n<ul style=\"list-style-type: disc; list-style-position: inside; padding: 10px 0 10px 20px; text-indent: -2em;\">\n<li>Daonra a d\u2019fh\u00e9adfadh m\u00e9ad\u00fa faoi anuas ar 1 mhilli\u00fan, agus a mbeidh aon ch\u00faigi\u00fa de os cionn 65 faoi 2040;<\/li>\n<li>500,000 duine breise ag obair, agus jabanna ardscileanna ag go leor acu. T\u00e1 s\u00e9 de chlaonadh na jabanna seo a chruinni\u00fa le ch\u00e9ile sna cathracha agus ina dtimpeall;<\/li>\n<li>500,000 \u00e1it ch\u00f3naithe bhreise ar a laghad ag teast\u00e1il c\u00f3ngarach do sheirbh\u00eds\u00ed agus \u00e1iseanna; agus<\/li>\n<li>An chaoi a nd\u00e9anaimid plean\u00e1il d\u2019fhorbairt amach anseo agus an chaoi a nd\u00e9anaimid bainisti\u00fa ar an bhforbairt at\u00e1 ann faoi l\u00e1thair lena chinnti\u00fa go dtugaimid aghaidh ar dh\u00fashl\u00e1in chomhshaoil amhail aerchosaint, c\u00e1il\u00edocht uisce, bith\u00e9ags\u00falacht agus athr\u00fa aer\u00e1ide, \u00e1r gc\u00f3rais iompair agus fuinnimh a athr\u00fa \u00f3 sple\u00e1chas ar bhreosla\u00ed iontaise i dtreo fuinneamh glas<\/li>\n<\/ul>\n<p>Tabharfaidh an Creat N\u00e1isi\u00fanta Plean\u00e1la aghaidh ar na treochta\u00ed a l\u00e9ir\u00edonn, mura nd\u00e9anfar iad a bhainisti\u00fa ar bhealach eile, gur ar thaobh thoir na t\u00edre a bheidh thart ar thr\u00ed cheathr\u00fa den daonra agus de na tithe breise, go leor de cruinnithe timpeall ar \u00e1r bpr\u00edomhchathair, c\u00e9 nach g\u00e1 go dtarl\u00f3dh s\u00e9 laistigh den chathair f\u00e9in. Beidh leathadh amach na n-ollcheantar tith\u00edochta, ar ceantair iad at\u00e1 ag \u00e9ir\u00ed n\u00edos do-bhainistithe an t-am ar fad, fosta\u00edocht scaipthe agus comait\u00e9ireacht charrbhunaithe, n\u00edos measa mar thoradh air sin. Cruth\u00f3far d\u00fashl\u00e1in mh\u00f3ra i dtaca le forbairt mh\u00edchothrom, acmhainn tearc\u00fas\u00e1idte, pl\u00f3d\u00fa agus tionchair dh\u00edobh\u00e1lacha ar shaol daoine agus ar an timpeallacht.<\/p>\n<p>Go deimhin, t\u00e1 go leor fianaise ann a thugann le fios go nd\u00e9anfadh cur chuige m\u00edchothrom i dtaca leis an bhforbairt n\u00e1isi\u00fanta strait\u00e9iseach dochar do-athraithe do dheiseanna n\u00edos leithne na h\u00c9ireann \u00f3 thaobh c\u00farsa\u00ed eacnama\u00edocha, s\u00f3isialta agus comhshaoil de. D\u00e1 bhr\u00ed sin, tabharfar aghaidh sa Chreat ar leathadh amach Bhaile \u00c1tha Cliath mar pr\u00edomhinneall f\u00e1is vis-\u00e1-vis ligean d\u2019\u00e1iteanna eile teacht chun cinn mar fhrithchothroma\u00edocht inchreidte, chomh maith le haghaidh a thabhairt ar na saincheisteanna a leanas;<\/p>\n<h4>Tith\u00edocht<\/h4>\n<p>Beidh thart ar idir 25,000 agus 30,000 \u00e1it ch\u00f3naithe nua ag teast\u00e1il gach bliain le freastal ar riachtanais na ndaoine i gcomhar tith\u00edocht dea-lonnaithe inacmhainne, agus beidh n\u00edos m\u00f3 g\u00e1 le freastal ar theaghlaigh nach bhfuil iontu ach duine amh\u00e1in n\u00f3 beirt, n\u00f3 ina bhfuil daoine n\u00edos sine. \u00d3 thaobh tith\u00edochta de, is minice go mb\u00edonn nasc idir fosta\u00edocht agus tith\u00edocht na laethanta seo, agus m\u00e1 bh\u00edonn tith\u00edocht suite c\u00f3ngarach don fhosta\u00edocht b\u00edonn s\u00e9 n\u00edos fusa pl\u00f3d\u00fa agus comait\u00e9ireacht a mhaol\u00fa agus n\u00edos fusa seirbh\u00eds\u00ed agus bonneagar a chur ar f\u00e1il.<\/p>\n<h4>Fosta\u00edocht<\/h4>\n<p>Teast\u00f3idh scileanna n\u00edos airde do na jabanna a bheidh ar f\u00e1il agus is d\u00f3cha go n-athr\u00f3idh daoine a bpost n\u00edos minice. T\u00e1 dh\u00e1 mhilli\u00fan duine ag obair in \u00c9irinn agus t\u00e1 fianaise ann lena dtugtar le fios, in ainneoin d\u00fashl\u00e1in eacnama\u00edocha n\u00edos leithne agus treochta\u00ed a tharla roimhe seo a chur san \u00e1ireamh, go bhfuil an acmhainn ag \u00c9irinn forbairt eacnama\u00edoch a bhaint amach sa chaoi go bhf\u00e9adfadh 500,000 duine breise bheith ag obair faoi 2040, agus go bhf\u00e9adfadh go mbeadh go leor de na jabanna sin cruthaithe in\u00e1r gcathracha agus bailte, n\u00f3 c\u00f3ngarach d\u00f3ibh.<\/p>\n<h4>Bonneagar<\/h4>\n<p>Seirbh\u00eds\u00ed agus \u00c1iseanna: Chun forbairt inbhuanaithe \u00e1r dt\u00edre a chinnti\u00fa caithfimid plean\u00e1il a dh\u00e9anamh do na h\u00e1iseanna oideachais, sl\u00e1inte agus pobail a bhfuil n\u00edos m\u00f3 t\u00e1bhachta ag baint leo an t-am ar fad i dtaobh chaighde\u00e1n na beatha agus foll\u00e1ine phearsanta, chomh maith le plean\u00e1il a dh\u00e9anamh i gcomhair an bhonneagair fhisici\u00fail thraidisi\u00fanta \u201criachtanaigh\u201d amhail seirbh\u00eds\u00ed uisce, iompar, cumars\u00e1id, leathanbhanda agus c\u00f3rais fuinnimh.<\/p>\n<h4>\u00c1it<\/h4>\n<p>Is cuid l\u00e1rnach de bheartas fiontra\u00edochta na h\u00c9ireann faoin bPlean Gn\u00edomha\u00edochta um Poist \u00e9 cruth\u00fa \u00e1ite. Aithn\u00edtear n\u00edos m\u00f3 agus n\u00edos m\u00f3 go bhfuil an-t\u00e1bhacht ag baint leis chun \u00e9iceach\u00f3rais eacnama\u00edocha a chruth\u00fa i gceantair uirbeacha agus thuaithe, \u00e1iteanna inar mhaith le daoine maireacht\u00e1il agus obair, ina bhfuil go leor fostaithe oilte, rogha leathan de thith\u00edocht dea-lonnaithe agus roghanna fosta\u00edochta, chomh maith le raon leathan de dheiseanna eile maidir le \u2018n\u00f3s maireacht\u00e1la\u2019, \u00e1iseanna f\u00f3ill\u00edochta agus roghanna siamsa\u00edochta agus cult\u00fartha \u00e9ags\u00fala ina measc. T\u00e1 seo feicthe in \u00c9irinn againn cheana f\u00e9in le hathbheochan limist\u00e9ar d\u00e1r gcathracha ar n\u00f3s Cheantar na nDuga\u00ed i mBaile \u00c1tha Cliath agus beocht agus tarraingt cathracha \u00e1irithe amhail Gaillimh agus Corcaigh chomh maith le ceantair thuaithe rath\u00fala. Le d\u00e9ana\u00ed, leagadh b\u00e9im ar na ceantair seo sa Phlean Gn\u00edmh d\u2019Fhorbairt Tuaithe.<\/p>\n<p>Is l\u00e9ir \u00f3 \u00e1iteanna rath\u00fala, idir bheag agus mh\u00f3r, idir uirbeach agus tuaithe, in \u00c9irinn agus thar lear, gur f\u00e9idir \u00e1iteanna nach bhfuil ag \u00e9ir\u00ed r\u00f3mhaith leo a fheabhs\u00fa agus gur f\u00e9idir iad a iomp\u00fa ina n-\u00e1iteanna tarraingteacha tr\u00ed phlean\u00e1il agus infheist\u00edocht stuama at\u00e1 bunaithe ar bheartais agus spriocdh\u00edrithe.<\/p>\n<h4>Seachadadh<\/h4>\n<p>Beidh s\u00e9 t\u00e1bhachtach foghlaim \u00f3n Strait\u00e9is Sp\u00e1is N\u00e1isi\u00fanta a bh\u00ed ann roimhe seo, a seoladh in 2002 agus a raibh tortha\u00ed measctha leis \u00f3 thaobh an m\u00e9id a baineadh amach. C\u00e9 gur tugadh isteach athch\u00f3irithe plean\u00e1la agus gur spreagadh infheist\u00edocht chaipitil i r\u00e9ims\u00ed amhail iompar, seirbh\u00eds\u00ed uisce agus tith\u00edocht faoin Strait\u00e9is Sp\u00e1is N\u00e1isi\u00fanta, n\u00edor baineadh barr a hacmhainne amach mar chreat d\u2019fhorbairt mar gheall ar easpa forfheidhmithe agus mar gheall ar an gc\u00fal\u00fa eacnama\u00edoch a tharla sa bhliain 2008. Go dt\u00ed gur \u00e9irigh le gn\u00edomha\u00edochta\u00ed lean\u00fanacha Rialtais cinni\u00faint eacnama\u00edoch \u00e1r dt\u00edre a bhaint amach n\u00edorbh fh\u00e9idir linn smaoineamh fadt\u00e9armach a dh\u00e9anamh, rud is f\u00e9idir a dh\u00e9anamh anois.<\/p>\n<p>Doicim\u00e9ad strait\u00e9iseach, gearr a bheidh sa Chreat N\u00e1isi\u00fanta Plean\u00e1la, ina leagfar amach gn\u00edomha\u00edochta\u00ed, freagrachta\u00ed agus aml\u00ednte soil\u00e9ire a bheidh in ann dul i ngleic le c\u00fains\u00ed eacnama\u00edocha athraitheacha, de bharr tosca seachtracha ar n\u00f3s an Bhreatimeachta n\u00f3 tosca eile.<\/p>\n<hr \/>\n<h3>Cad a tharl\u00f3idh mura nd\u00e9anfaimid dada?<\/h3>\n<p>Mura nd\u00e9anfaimid aon rud difri\u00fail agus m\u00e1 leanaimid sa chaoi ch\u00e9anna agus at\u00e1 d\u00e9anta againn le fiche bliain anuas, t\u00e1 s\u00e9 nach m\u00f3r cinnte go mbeidh na tortha\u00ed c\u00e9anna le feice\u00e1il thar an ch\u00e9ad fiche bliain eile amach romhainn \u2013 b\u00f3ithre agus l\u00e1rionaid chathrach pl\u00f3daithe, bruachbhailte fairsinge agus ceantair thuaithe a bheidh faoi sc\u00e1il Ch\u00f3sta an Oirthir agus ceantair sna r\u00e9igi\u00fain nach mbaineann a n-acmhainn amach, rud a chiall\u00f3idh:<\/p>\n<p>Beidh an iomarca tionchair ag Baile \u00c1tha Cliath i gc\u00f3na\u00ed agus beidh an baol ann go mbeidh borradh r\u00f3mh\u00f3r faoi agus go slogfaidh s\u00e9 n\u00edos m\u00f3 agus n\u00edos m\u00f3 den fhorbairt n\u00e1isi\u00fanta fhorioml\u00e1n, ag leathadh amach san contaetha m\u00e1guaird i gC\u00faige Laighean; Beidh f\u00e1s i nd\u00e1n do chathracha r\u00e9igi\u00fanacha amhail Corcaigh, Luimneach, Gaillimh agus Port L\u00e1irge ach n\u00ed ar an sc\u00e1la is g\u00e1 chun an bhearna idir iad agus Baile \u00c1tha Cliath a dh\u00fanadh; Coinneoimid linn ag t\u00f3g\u00e1il \u00e1r dtith\u00edochta n\u00edos faide agus n\u00edos faide \u00f3n \u00e1it a mb\u00edonn na jabanna go hiond\u00fail, mar gheall ar threochta\u00ed idirn\u00e1isi\u00fanta agus eacnama\u00edocha n\u00edos leithne sna ceantair uirbeacha agus sna ceantair thuaithe at\u00e1 buailte ar na cathracha; B\u00edonn costais n\u00edos airde agus tionchair ag baint leis sin \u00f3 thaobh comait\u00e9ireachta, seirbh\u00eds\u00ed a chur ar f\u00e1il, sl\u00e1inte daoine agus an chomhshaoil; agus<\/p>\n<p>Beidh b\u00e1n\u00fa i nd\u00e1n do go leor bailte agus sr\u00e1idbhailte faoin tuath agus d\u00e1 gceantair m\u00e1guaird at\u00e1 lasmuigh de na cathracha agus na bailte m\u00f3ra agus nach bhfuil in aice le ceantair mh\u00f3ra thuras\u00f3ireachta ar n\u00f3s Shl\u00ed an Atlantaigh Fhi\u00e1in.<\/p>\n<p>N\u00ed chomhl\u00edonfar luachanna agus spriocanna n\u00e1isi\u00fanta com\u00f3nta leis an gcur chuig \u2018Gn\u00f3 Mar is Gn\u00e1ch\u2019, luachanna agus spriocanna ar n\u00f3s geilleagar agus \u00e1it tr\u00e1d\u00e1la oscailte ioma\u00edoch a choinne\u00e1il, caighde\u00e1n maireacht\u00e1la maith a chinnti\u00fa do gach saor\u00e1nach, pobail bheo, fh\u00e1ilteacha, sh\u00e1bh\u00e1ilte a chruth\u00fa, sl\u00e1inte agus foll\u00e1ine ar feadh an tsaoil a chinnti\u00fa agus \u00e1r n-oibleag\u00e1id\u00ed timpeallachta agus spriocanna asta\u00edochta\u00ed carb\u00f3in a chomhl\u00edonadh.<\/p>\n<hr \/>\n<h3>ABealach Eile<\/h3>\n<p>Beidh dr\u00e9acht den Chreat N\u00e1isi\u00fanta Plean\u00e1la ar f\u00e1il i gcomhair babhta eile de chomhairli\u00fach\u00e1n poibl\u00ed tar \u00e9is na C\u00e1sca sula mbreathn\u00f3idh an Rialtas, agus an tOireachtas ina dhiaidh sin, air den uair dheireanach (ceann de na pr\u00edomh-mholta\u00ed \u00f3 Bhinse Mahon) n\u00edos d\u00e9ana\u00ed in 2017. Ina dhiaidh sin, beidh an Creat ar an bplean is airde sa phr\u00f3iseas plean\u00e1la in \u00c9irinn agus maidir le:<\/p>\n<ul style=\"list-style-type: disc; list-style-position: inside; padding: 10px 0 10px 20px; text-indent: -2em;\">\n<li>Bealach a leagan amach maidir le forbairt inbhuanaithe Bhaile \u00c1tha Cliath, le go mbeidh s\u00e9 ar comhch\u00e9im leis an gcuid eile den t\u00edr agus n\u00ed i bhfad chun tosaigh air;<\/li>\n<li>Beala\u00ed a shainaithint chun an acmhainn tearc\u00fas\u00e1idte sna cathracha r\u00e9igi\u00fanacha a bhaint amach tr\u00ed shainbheartais stuama agus infheist\u00edocht mar fhrithchothroma\u00edocht bhreise n\u00e1isi\u00fanta\/idirn\u00e1isi\u00fanta ar Mh\u00f3rcheantar Bhaile \u00c1tha Cliath;<\/li>\n<li>A chinnti\u00fa go mbaintear an \u00fas\u00e1id is fearr is f\u00e9idir as an acmhainn ollmh\u00f3r at\u00e1 le f\u00e1il i gceantair thuaithe \u00e1r dt\u00edre, gn\u00e9ithe tal\u00fan agus muir\u00ed san \u00e1ireamh.<\/li>\n<li>Thairis sin, beidh an Creat ag f\u00e9achaint amach freisin, ag aithint na ndeiseanna at\u00e1 ann le bheith ag obair ar bhonn uile-oile\u00e1in (le Tuaisceart \u00c9ireann), chomh maith le bonn soir-siar laistigh de limist\u00e9ar n\u00edos leithne na R\u00edocht Aontaithe, an Aontais Eorpaigh agus sa chomhth\u00e9acs idirn\u00e1isi\u00fanta agus i gcomhph\u00e1irt le creata\u00ed plean\u00e1la n\u00e1isi\u00fanta na ndl\u00edns\u00ed b\u00e9al dorais i dTuaisceart \u00c9ireann, in Albain agus sa Bhreatain Bheag.<\/li>\n<\/ul>\n<hr \/>\n<h3>Cad a tharla\u00edonn anois?<\/h3>\n<p>Foils\u00edodh p\u00e1ip\u00e9ir chomhairli\u00fach\u00e1in an 2 Feabhra do shaor\u00e1naigh, eagra\u00edochta\u00ed leasmhara, comhlachta\u00ed poibl\u00ed, go deimhin duine ar bith ag a bhfuil sp\u00e9is i dtodhcha\u00ed \u00e1r dt\u00edre agus at\u00e1 toilteanach a dtuairim\u00ed a roinnt, chun bonn eolais a chur faoi chruth\u00fa an Phlean Creata nua seo agus p\u00e1irt a ghlacadh ann. Ina dhiaidh sin re\u00e1cht\u00e1lfar sraith d\u2019imeachta\u00ed r\u00e9igi\u00fanacha agus de ghn\u00edomha\u00edochta\u00ed cumars\u00e1ide a thac\u00f3idh le forbairt an phr\u00f3isis le linn 2017.<\/p>\n","protected":false},"excerpt":{"rendered":"<p>Agus \u00e9 i l\u00e1thair i Scoil na hAiltireachta, Ollscoil Luimnigh, inniu (D\u00e9 M\u00e1irt, 14 M\u00e1rta) lorg an tAire Tith\u00edochta, Plean\u00e1la [&hellip;]<\/p>\n","protected":false},"author":10,"featured_media":4121,"comment_status":"closed","ping_status":"closed","sticky":false,"template":"","format":"standard","meta":{"_uag_custom_page_level_css":"","site-sidebar-layout":"default","site-content-layout":"","ast-site-content-layout":"default","site-content-style":"default","site-sidebar-style":"default","ast-global-header-display":"","ast-banner-title-visibility":"","ast-main-header-display":"","ast-hfb-above-header-display":"","ast-hfb-below-header-display":"","ast-hfb-mobile-header-display":"","site-post-title":"","ast-breadcrumbs-content":"","ast-featured-img":"","footer-sml-layout":"","ast-disable-related-posts":"","theme-transparent-header-meta":"","adv-header-id-meta":"","stick-header-meta":"","header-above-stick-meta":"","header-main-stick-meta":"","header-below-stick-meta":"","astra-migrate-meta-layouts":"default","ast-page-background-enabled":"default","ast-page-background-meta":{"desktop":{"background-color":"var(--ast-global-color-5)","background-image":"","background-repeat":"repeat","background-position":"center center","background-size":"auto","background-attachment":"scroll","background-type":"","background-media":"","overlay-type":"","overlay-color":"","overlay-opacity":"","overlay-gradient":""},"tablet":{"background-color":"","background-image":"","background-repeat":"repeat","background-position":"center center","background-size":"auto","background-attachment":"scroll","background-type":"","background-media":"","overlay-type":"","overlay-color":"","overlay-opacity":"","overlay-gradient":""},"mobile":{"background-color":"","background-image":"","background-repeat":"repeat","background-position":"center center","background-size":"auto","background-attachment":"scroll","background-type":"","background-media":"","overlay-type":"","overlay-color":"","overlay-opacity":"","overlay-gradient":""}},"ast-content-background-meta":{"desktop":{"background-color":"var(--ast-global-color-4)","background-image":"","background-repeat":"repeat","background-position":"center center","background-size":"auto","background-attachment":"scroll","background-type":"","background-media":"","overlay-type":"","overlay-color":"","overlay-opacity":"","overlay-gradient":""},"tablet":{"background-color":"var(--ast-global-color-4)","background-image":"","background-repeat":"repeat","background-position":"center center","background-size":"auto","background-attachment":"scroll","background-type":"","background-media":"","overlay-type":"","overlay-color":"","overlay-opacity":"","overlay-gradient":""},"mobile":{"background-color":"var(--ast-global-color-4)","background-image":"","background-repeat":"repeat","background-position":"center center","background-size":"auto","background-attachment":"scroll","background-type":"","background-media":"","overlay-type":"","overlay-color":"","overlay-opacity":"","overlay-gradient":""}},"footnotes":""},"categories":[193],"tags":[],"class_list":["post-5948","post","type-post","status-publish","format-standard","has-post-thumbnail","hentry","category-archive-ga"],"yoast_head":"<!-- This site is optimized with the Yoast SEO plugin v27.5 - https:\/\/yoast.com\/product\/yoast-seo-wordpress\/ -->\n<title>Tugann an tAire Coveney aitheasc do mhic l\u00e9inn Ollscoil Luimnigh agus do phr\u00edomhph\u00e1irtithe leasmhara faoi \u201c\u00c9ire 2040 \u2013 \u00c1r bPlean\u201d - The National Planning Framework<\/title>\n<meta name=\"robots\" content=\"index, follow, max-snippet:-1, max-image-preview:large, max-video-preview:-1\" \/>\n<link rel=\"canonical\" href=\"https:\/\/www.npf.ie\/ga\/tugann-an-taire-coveney-aitheasc-do-mhic-leinn-ollscoil-luimnigh-agus-do-phriomhphairtithe-leasmhara-faoi-eire-2040-ar-bplean\/\" \/>\n<meta property=\"og:locale\" content=\"ga_IE\" \/>\n<meta property=\"og:type\" content=\"article\" \/>\n<meta property=\"og:title\" content=\"Tugann an tAire Coveney aitheasc do mhic l\u00e9inn Ollscoil Luimnigh agus do phr\u00edomhph\u00e1irtithe leasmhara faoi \u201c\u00c9ire 2040 \u2013 \u00c1r bPlean\u201d - The National Planning Framework\" \/>\n<meta property=\"og:description\" content=\"Agus \u00e9 i l\u00e1thair i Scoil na hAiltireachta, Ollscoil Luimnigh, inniu (D\u00e9 M\u00e1irt, 14 M\u00e1rta) lorg an tAire Tith\u00edochta, Plean\u00e1la [&hellip;]\" \/>\n<meta property=\"og:url\" content=\"https:\/\/www.npf.ie\/ga\/tugann-an-taire-coveney-aitheasc-do-mhic-leinn-ollscoil-luimnigh-agus-do-phriomhphairtithe-leasmhara-faoi-eire-2040-ar-bplean\/\" \/>\n<meta property=\"og:site_name\" content=\"The National Planning Framework\" \/>\n<meta property=\"article:published_time\" content=\"2017-03-14T16:20:45+00:00\" \/>\n<meta property=\"article:modified_time\" content=\"2025-04-07T10:36:14+00:00\" \/>\n<meta property=\"og:image\" content=\"https:\/\/cdn.npf.ie\/wp-content\/uploads\/minister_coveney_meets_students_of_the_school_of_architecture_ul.jpg\" \/>\n\t<meta property=\"og:image:width\" content=\"1402\" \/>\n\t<meta property=\"og:image:height\" content=\"949\" \/>\n\t<meta property=\"og:image:type\" content=\"image\/jpeg\" \/>\n<meta name=\"author\" content=\"Colette McCarthy\" \/>\n<meta name=\"twitter:card\" content=\"summary_large_image\" \/>\n<meta name=\"twitter:label1\" content=\"Written by\" \/>\n\t<meta name=\"twitter:data1\" content=\"Colette McCarthy\" \/>\n\t<meta name=\"twitter:label2\" content=\"Est. reading time\" \/>\n\t<meta name=\"twitter:data2\" content=\"15 minutes\" \/>\n<script type=\"application\/ld+json\" class=\"yoast-schema-graph\">{\"@context\":\"https:\\\/\\\/schema.org\",\"@graph\":[{\"@type\":\"Article\",\"@id\":\"https:\\\/\\\/www.npf.ie\\\/ga\\\/tugann-an-taire-coveney-aitheasc-do-mhic-leinn-ollscoil-luimnigh-agus-do-phriomhphairtithe-leasmhara-faoi-eire-2040-ar-bplean\\\/#article\",\"isPartOf\":{\"@id\":\"https:\\\/\\\/www.npf.ie\\\/ga\\\/tugann-an-taire-coveney-aitheasc-do-mhic-leinn-ollscoil-luimnigh-agus-do-phriomhphairtithe-leasmhara-faoi-eire-2040-ar-bplean\\\/\"},\"author\":{\"name\":\"Colette McCarthy\",\"@id\":\"https:\\\/\\\/www.npf.ie\\\/ga\\\/#\\\/schema\\\/person\\\/6805e39f3036469757bd14a9a8c875f2\"},\"headline\":\"Tugann an tAire Coveney aitheasc do mhic l\u00e9inn Ollscoil Luimnigh agus do phr\u00edomhph\u00e1irtithe leasmhara faoi \u201c\u00c9ire 2040 \u2013 \u00c1r bPlean\u201d\",\"datePublished\":\"2017-03-14T16:20:45+00:00\",\"dateModified\":\"2025-04-07T10:36:14+00:00\",\"mainEntityOfPage\":{\"@id\":\"https:\\\/\\\/www.npf.ie\\\/ga\\\/tugann-an-taire-coveney-aitheasc-do-mhic-leinn-ollscoil-luimnigh-agus-do-phriomhphairtithe-leasmhara-faoi-eire-2040-ar-bplean\\\/\"},\"wordCount\":3050,\"publisher\":{\"@id\":\"https:\\\/\\\/www.npf.ie\\\/ga\\\/#organization\"},\"image\":{\"@id\":\"https:\\\/\\\/www.npf.ie\\\/ga\\\/tugann-an-taire-coveney-aitheasc-do-mhic-leinn-ollscoil-luimnigh-agus-do-phriomhphairtithe-leasmhara-faoi-eire-2040-ar-bplean\\\/#primaryimage\"},\"thumbnailUrl\":\"https:\\\/\\\/www.npf.ie\\\/wp-content\\\/uploads\\\/2017\\\/03\\\/minister_coveney_meets_students_of_the_school_of_architecture_ul.jpg\",\"articleSection\":[\"Archive\"],\"inLanguage\":\"ga-IE\"},{\"@type\":\"WebPage\",\"@id\":\"https:\\\/\\\/www.npf.ie\\\/ga\\\/tugann-an-taire-coveney-aitheasc-do-mhic-leinn-ollscoil-luimnigh-agus-do-phriomhphairtithe-leasmhara-faoi-eire-2040-ar-bplean\\\/\",\"url\":\"https:\\\/\\\/www.npf.ie\\\/ga\\\/tugann-an-taire-coveney-aitheasc-do-mhic-leinn-ollscoil-luimnigh-agus-do-phriomhphairtithe-leasmhara-faoi-eire-2040-ar-bplean\\\/\",\"name\":\"Tugann an tAire Coveney aitheasc do mhic l\u00e9inn Ollscoil Luimnigh agus do phr\u00edomhph\u00e1irtithe leasmhara faoi \u201c\u00c9ire 2040 \u2013 \u00c1r bPlean\u201d - The National Planning Framework\",\"isPartOf\":{\"@id\":\"https:\\\/\\\/www.npf.ie\\\/ga\\\/#website\"},\"primaryImageOfPage\":{\"@id\":\"https:\\\/\\\/www.npf.ie\\\/ga\\\/tugann-an-taire-coveney-aitheasc-do-mhic-leinn-ollscoil-luimnigh-agus-do-phriomhphairtithe-leasmhara-faoi-eire-2040-ar-bplean\\\/#primaryimage\"},\"image\":{\"@id\":\"https:\\\/\\\/www.npf.ie\\\/ga\\\/tugann-an-taire-coveney-aitheasc-do-mhic-leinn-ollscoil-luimnigh-agus-do-phriomhphairtithe-leasmhara-faoi-eire-2040-ar-bplean\\\/#primaryimage\"},\"thumbnailUrl\":\"https:\\\/\\\/www.npf.ie\\\/wp-content\\\/uploads\\\/2017\\\/03\\\/minister_coveney_meets_students_of_the_school_of_architecture_ul.jpg\",\"datePublished\":\"2017-03-14T16:20:45+00:00\",\"dateModified\":\"2025-04-07T10:36:14+00:00\",\"breadcrumb\":{\"@id\":\"https:\\\/\\\/www.npf.ie\\\/ga\\\/tugann-an-taire-coveney-aitheasc-do-mhic-leinn-ollscoil-luimnigh-agus-do-phriomhphairtithe-leasmhara-faoi-eire-2040-ar-bplean\\\/#breadcrumb\"},\"inLanguage\":\"ga-IE\",\"potentialAction\":[{\"@type\":\"ReadAction\",\"target\":[\"https:\\\/\\\/www.npf.ie\\\/ga\\\/tugann-an-taire-coveney-aitheasc-do-mhic-leinn-ollscoil-luimnigh-agus-do-phriomhphairtithe-leasmhara-faoi-eire-2040-ar-bplean\\\/\"]}]},{\"@type\":\"ImageObject\",\"inLanguage\":\"ga-IE\",\"@id\":\"https:\\\/\\\/www.npf.ie\\\/ga\\\/tugann-an-taire-coveney-aitheasc-do-mhic-leinn-ollscoil-luimnigh-agus-do-phriomhphairtithe-leasmhara-faoi-eire-2040-ar-bplean\\\/#primaryimage\",\"url\":\"https:\\\/\\\/www.npf.ie\\\/wp-content\\\/uploads\\\/2017\\\/03\\\/minister_coveney_meets_students_of_the_school_of_architecture_ul.jpg\",\"contentUrl\":\"https:\\\/\\\/www.npf.ie\\\/wp-content\\\/uploads\\\/2017\\\/03\\\/minister_coveney_meets_students_of_the_school_of_architecture_ul.jpg\",\"width\":1402,\"height\":949},{\"@type\":\"BreadcrumbList\",\"@id\":\"https:\\\/\\\/www.npf.ie\\\/ga\\\/tugann-an-taire-coveney-aitheasc-do-mhic-leinn-ollscoil-luimnigh-agus-do-phriomhphairtithe-leasmhara-faoi-eire-2040-ar-bplean\\\/#breadcrumb\",\"itemListElement\":[{\"@type\":\"ListItem\",\"position\":1,\"name\":\"Home\",\"item\":\"https:\\\/\\\/www.npf.ie\\\/ga\\\/\"},{\"@type\":\"ListItem\",\"position\":2,\"name\":\"Tugann an tAire Coveney aitheasc do mhic l\u00e9inn Ollscoil Luimnigh agus do phr\u00edomhph\u00e1irtithe leasmhara faoi \u201c\u00c9ire 2040 \u2013 \u00c1r bPlean\u201d\"}]},{\"@type\":\"WebSite\",\"@id\":\"https:\\\/\\\/www.npf.ie\\\/ga\\\/#website\",\"url\":\"https:\\\/\\\/www.npf.ie\\\/ga\\\/\",\"name\":\"National Planning Framework\",\"description\":\"\",\"publisher\":{\"@id\":\"https:\\\/\\\/www.npf.ie\\\/ga\\\/#organization\"},\"potentialAction\":[{\"@type\":\"SearchAction\",\"target\":{\"@type\":\"EntryPoint\",\"urlTemplate\":\"https:\\\/\\\/www.npf.ie\\\/ga\\\/?s={search_term_string}\"},\"query-input\":{\"@type\":\"PropertyValueSpecification\",\"valueRequired\":true,\"valueName\":\"search_term_string\"}}],\"inLanguage\":\"ga-IE\"},{\"@type\":\"Organization\",\"@id\":\"https:\\\/\\\/www.npf.ie\\\/ga\\\/#organization\",\"name\":\"Department of Housing, Local Government and Heritage\",\"url\":\"https:\\\/\\\/www.npf.ie\\\/ga\\\/\",\"logo\":{\"@type\":\"ImageObject\",\"inLanguage\":\"ga-IE\",\"@id\":\"https:\\\/\\\/www.npf.ie\\\/ga\\\/#\\\/schema\\\/logo\\\/image\\\/\",\"url\":\"https:\\\/\\\/www.npf.ie\\\/wp-content\\\/uploads\\\/npf_logo_feb18_horizontal-3-1-1.png\",\"contentUrl\":\"https:\\\/\\\/www.npf.ie\\\/wp-content\\\/uploads\\\/npf_logo_feb18_horizontal-3-1-1.png\",\"width\":255,\"height\":46,\"caption\":\"Department of Housing, Local Government and Heritage\"},\"image\":{\"@id\":\"https:\\\/\\\/www.npf.ie\\\/ga\\\/#\\\/schema\\\/logo\\\/image\\\/\"}},{\"@type\":\"Person\",\"@id\":\"https:\\\/\\\/www.npf.ie\\\/ga\\\/#\\\/schema\\\/person\\\/6805e39f3036469757bd14a9a8c875f2\",\"name\":\"Colette McCarthy\",\"image\":{\"@type\":\"ImageObject\",\"inLanguage\":\"ga-IE\",\"@id\":\"https:\\\/\\\/secure.gravatar.com\\\/avatar\\\/2bc45d3dfb9694c77b91301aeb068111a4bc95acf8f278afe0ae0f170ff630aa?s=96&d=mm&r=g\",\"url\":\"https:\\\/\\\/secure.gravatar.com\\\/avatar\\\/2bc45d3dfb9694c77b91301aeb068111a4bc95acf8f278afe0ae0f170ff630aa?s=96&d=mm&r=g\",\"contentUrl\":\"https:\\\/\\\/secure.gravatar.com\\\/avatar\\\/2bc45d3dfb9694c77b91301aeb068111a4bc95acf8f278afe0ae0f170ff630aa?s=96&d=mm&r=g\",\"caption\":\"Colette McCarthy\"}}]}<\/script>\n<!-- \/ Yoast SEO plugin. -->","yoast_head_json":{"title":"Tugann an tAire Coveney aitheasc do mhic l\u00e9inn Ollscoil Luimnigh agus do phr\u00edomhph\u00e1irtithe leasmhara faoi \u201c\u00c9ire 2040 \u2013 \u00c1r bPlean\u201d - The National Planning Framework","robots":{"index":"index","follow":"follow","max-snippet":"max-snippet:-1","max-image-preview":"max-image-preview:large","max-video-preview":"max-video-preview:-1"},"canonical":"https:\/\/www.npf.ie\/ga\/tugann-an-taire-coveney-aitheasc-do-mhic-leinn-ollscoil-luimnigh-agus-do-phriomhphairtithe-leasmhara-faoi-eire-2040-ar-bplean\/","og_locale":"ga_IE","og_type":"article","og_title":"Tugann an tAire Coveney aitheasc do mhic l\u00e9inn Ollscoil Luimnigh agus do phr\u00edomhph\u00e1irtithe leasmhara faoi \u201c\u00c9ire 2040 \u2013 \u00c1r bPlean\u201d - The National Planning Framework","og_description":"Agus \u00e9 i l\u00e1thair i Scoil na hAiltireachta, Ollscoil Luimnigh, inniu (D\u00e9 M\u00e1irt, 14 M\u00e1rta) lorg an tAire Tith\u00edochta, Plean\u00e1la [&hellip;]","og_url":"https:\/\/www.npf.ie\/ga\/tugann-an-taire-coveney-aitheasc-do-mhic-leinn-ollscoil-luimnigh-agus-do-phriomhphairtithe-leasmhara-faoi-eire-2040-ar-bplean\/","og_site_name":"The National Planning Framework","article_published_time":"2017-03-14T16:20:45+00:00","article_modified_time":"2025-04-07T10:36:14+00:00","og_image":[{"width":1402,"height":949,"url":"https:\/\/cdn.npf.ie\/wp-content\/uploads\/minister_coveney_meets_students_of_the_school_of_architecture_ul.jpg","type":"image\/jpeg"}],"author":"Colette McCarthy","twitter_card":"summary_large_image","twitter_misc":{"Written by":"Colette McCarthy","Est. reading time":"15 minutes"},"schema":{"@context":"https:\/\/schema.org","@graph":[{"@type":"Article","@id":"https:\/\/www.npf.ie\/ga\/tugann-an-taire-coveney-aitheasc-do-mhic-leinn-ollscoil-luimnigh-agus-do-phriomhphairtithe-leasmhara-faoi-eire-2040-ar-bplean\/#article","isPartOf":{"@id":"https:\/\/www.npf.ie\/ga\/tugann-an-taire-coveney-aitheasc-do-mhic-leinn-ollscoil-luimnigh-agus-do-phriomhphairtithe-leasmhara-faoi-eire-2040-ar-bplean\/"},"author":{"name":"Colette McCarthy","@id":"https:\/\/www.npf.ie\/ga\/#\/schema\/person\/6805e39f3036469757bd14a9a8c875f2"},"headline":"Tugann an tAire Coveney aitheasc do mhic l\u00e9inn Ollscoil Luimnigh agus do phr\u00edomhph\u00e1irtithe leasmhara faoi \u201c\u00c9ire 2040 \u2013 \u00c1r bPlean\u201d","datePublished":"2017-03-14T16:20:45+00:00","dateModified":"2025-04-07T10:36:14+00:00","mainEntityOfPage":{"@id":"https:\/\/www.npf.ie\/ga\/tugann-an-taire-coveney-aitheasc-do-mhic-leinn-ollscoil-luimnigh-agus-do-phriomhphairtithe-leasmhara-faoi-eire-2040-ar-bplean\/"},"wordCount":3050,"publisher":{"@id":"https:\/\/www.npf.ie\/ga\/#organization"},"image":{"@id":"https:\/\/www.npf.ie\/ga\/tugann-an-taire-coveney-aitheasc-do-mhic-leinn-ollscoil-luimnigh-agus-do-phriomhphairtithe-leasmhara-faoi-eire-2040-ar-bplean\/#primaryimage"},"thumbnailUrl":"https:\/\/www.npf.ie\/wp-content\/uploads\/2017\/03\/minister_coveney_meets_students_of_the_school_of_architecture_ul.jpg","articleSection":["Archive"],"inLanguage":"ga-IE"},{"@type":"WebPage","@id":"https:\/\/www.npf.ie\/ga\/tugann-an-taire-coveney-aitheasc-do-mhic-leinn-ollscoil-luimnigh-agus-do-phriomhphairtithe-leasmhara-faoi-eire-2040-ar-bplean\/","url":"https:\/\/www.npf.ie\/ga\/tugann-an-taire-coveney-aitheasc-do-mhic-leinn-ollscoil-luimnigh-agus-do-phriomhphairtithe-leasmhara-faoi-eire-2040-ar-bplean\/","name":"Tugann an tAire Coveney aitheasc do mhic l\u00e9inn Ollscoil Luimnigh agus do phr\u00edomhph\u00e1irtithe leasmhara faoi \u201c\u00c9ire 2040 \u2013 \u00c1r bPlean\u201d - The National Planning Framework","isPartOf":{"@id":"https:\/\/www.npf.ie\/ga\/#website"},"primaryImageOfPage":{"@id":"https:\/\/www.npf.ie\/ga\/tugann-an-taire-coveney-aitheasc-do-mhic-leinn-ollscoil-luimnigh-agus-do-phriomhphairtithe-leasmhara-faoi-eire-2040-ar-bplean\/#primaryimage"},"image":{"@id":"https:\/\/www.npf.ie\/ga\/tugann-an-taire-coveney-aitheasc-do-mhic-leinn-ollscoil-luimnigh-agus-do-phriomhphairtithe-leasmhara-faoi-eire-2040-ar-bplean\/#primaryimage"},"thumbnailUrl":"https:\/\/www.npf.ie\/wp-content\/uploads\/2017\/03\/minister_coveney_meets_students_of_the_school_of_architecture_ul.jpg","datePublished":"2017-03-14T16:20:45+00:00","dateModified":"2025-04-07T10:36:14+00:00","breadcrumb":{"@id":"https:\/\/www.npf.ie\/ga\/tugann-an-taire-coveney-aitheasc-do-mhic-leinn-ollscoil-luimnigh-agus-do-phriomhphairtithe-leasmhara-faoi-eire-2040-ar-bplean\/#breadcrumb"},"inLanguage":"ga-IE","potentialAction":[{"@type":"ReadAction","target":["https:\/\/www.npf.ie\/ga\/tugann-an-taire-coveney-aitheasc-do-mhic-leinn-ollscoil-luimnigh-agus-do-phriomhphairtithe-leasmhara-faoi-eire-2040-ar-bplean\/"]}]},{"@type":"ImageObject","inLanguage":"ga-IE","@id":"https:\/\/www.npf.ie\/ga\/tugann-an-taire-coveney-aitheasc-do-mhic-leinn-ollscoil-luimnigh-agus-do-phriomhphairtithe-leasmhara-faoi-eire-2040-ar-bplean\/#primaryimage","url":"https:\/\/www.npf.ie\/wp-content\/uploads\/2017\/03\/minister_coveney_meets_students_of_the_school_of_architecture_ul.jpg","contentUrl":"https:\/\/www.npf.ie\/wp-content\/uploads\/2017\/03\/minister_coveney_meets_students_of_the_school_of_architecture_ul.jpg","width":1402,"height":949},{"@type":"BreadcrumbList","@id":"https:\/\/www.npf.ie\/ga\/tugann-an-taire-coveney-aitheasc-do-mhic-leinn-ollscoil-luimnigh-agus-do-phriomhphairtithe-leasmhara-faoi-eire-2040-ar-bplean\/#breadcrumb","itemListElement":[{"@type":"ListItem","position":1,"name":"Home","item":"https:\/\/www.npf.ie\/ga\/"},{"@type":"ListItem","position":2,"name":"Tugann an tAire Coveney aitheasc do mhic l\u00e9inn Ollscoil Luimnigh agus do phr\u00edomhph\u00e1irtithe leasmhara faoi \u201c\u00c9ire 2040 \u2013 \u00c1r bPlean\u201d"}]},{"@type":"WebSite","@id":"https:\/\/www.npf.ie\/ga\/#website","url":"https:\/\/www.npf.ie\/ga\/","name":"National Planning Framework","description":"","publisher":{"@id":"https:\/\/www.npf.ie\/ga\/#organization"},"potentialAction":[{"@type":"SearchAction","target":{"@type":"EntryPoint","urlTemplate":"https:\/\/www.npf.ie\/ga\/?s={search_term_string}"},"query-input":{"@type":"PropertyValueSpecification","valueRequired":true,"valueName":"search_term_string"}}],"inLanguage":"ga-IE"},{"@type":"Organization","@id":"https:\/\/www.npf.ie\/ga\/#organization","name":"Department of Housing, Local Government and Heritage","url":"https:\/\/www.npf.ie\/ga\/","logo":{"@type":"ImageObject","inLanguage":"ga-IE","@id":"https:\/\/www.npf.ie\/ga\/#\/schema\/logo\/image\/","url":"https:\/\/www.npf.ie\/wp-content\/uploads\/npf_logo_feb18_horizontal-3-1-1.png","contentUrl":"https:\/\/www.npf.ie\/wp-content\/uploads\/npf_logo_feb18_horizontal-3-1-1.png","width":255,"height":46,"caption":"Department of Housing, Local Government and Heritage"},"image":{"@id":"https:\/\/www.npf.ie\/ga\/#\/schema\/logo\/image\/"}},{"@type":"Person","@id":"https:\/\/www.npf.ie\/ga\/#\/schema\/person\/6805e39f3036469757bd14a9a8c875f2","name":"Colette McCarthy","image":{"@type":"ImageObject","inLanguage":"ga-IE","@id":"https:\/\/secure.gravatar.com\/avatar\/2bc45d3dfb9694c77b91301aeb068111a4bc95acf8f278afe0ae0f170ff630aa?s=96&d=mm&r=g","url":"https:\/\/secure.gravatar.com\/avatar\/2bc45d3dfb9694c77b91301aeb068111a4bc95acf8f278afe0ae0f170ff630aa?s=96&d=mm&r=g","contentUrl":"https:\/\/secure.gravatar.com\/avatar\/2bc45d3dfb9694c77b91301aeb068111a4bc95acf8f278afe0ae0f170ff630aa?s=96&d=mm&r=g","caption":"Colette McCarthy"}}]}},"spectra_custom_meta":{"_wpml_word_count":["{\"total\":0,\"to_translate\":{\"en\":2563,\"ga\":2563}}"],"dt_standard_select":["selectkey1"],"dt_link_radio":["blank"],"_top_nav_excluded":[""],"_cms_nav_minihome":[""],"_thumbnail_id":["4121"],"_wp_attachment_metadata":[""],"_wpml_media_duplicate":["1"],"_wpml_media_featured":["1"],"_alp_processed":["1545217585"],"_encloseme":["1"],"_last_translation_edit_mode":["translation-editor"],"_cmplz_scanned_post":["1"],"_uag_page_assets":["a:9:{s:3:\"css\";s:5444:\".wp-block-uagb-container.uagb-block-5aee6c9c.wp-block-uagb-container{color: var(--ast-global-color-5);}.wp-block-uagb-container.uagb-block-5aee6c9c.wp-block-uagb-container *{color: var(--ast-global-color-5);}.wp-block-uagb-container.uagb-block-5aee6c9c .uagb-container__shape-top svg{width: calc( 100% + 1.3px );}.wp-block-uagb-container.uagb-block-5aee6c9c .uagb-container__shape.uagb-container__shape-top .uagb-container__shape-fill{fill: rgba(51,51,51,1);}.wp-block-uagb-container.uagb-block-5aee6c9c .uagb-container__shape-bottom svg{width: calc( 100% + 1.3px );}.wp-block-uagb-container.uagb-block-5aee6c9c .uagb-container__shape.uagb-container__shape-bottom .uagb-container__shape-fill{fill: rgba(51,51,51,1);}.wp-block-uagb-container.uagb-block-5aee6c9c .uagb-container__video-wrap video{opacity: 1;}.wp-block-uagb-container.uagb-is-root-container .uagb-block-5aee6c9c{max-width: 100%;width: 100%;}.wp-block-uagb-container.uagb-is-root-container.alignfull.uagb-block-5aee6c9c > .uagb-container-inner-blocks-wrap{--inner-content-custom-width: min( 100%, 1200px);max-width: var(--inner-content-custom-width);width: 100%;flex-direction: column;align-items: center;justify-content: center;flex-wrap: nowrap;row-gap: 20px;column-gap: 20px;}.wp-block-uagb-container.uagb-block-5aee6c9c{box-shadow: 0px 0px   #00000070 ;padding-top: 10px;padding-bottom: 10px;padding-left: 10px;padding-right: 10px;margin-top:  !important;margin-bottom:  !important;overflow: visible;order: initial;border-color: inherit;background-color: #30665f;;row-gap: 20px;column-gap: 20px;}@media only screen and (max-width: 976px) {.wp-block-uagb-container.uagb-is-root-container .uagb-block-5aee6c9c{width: 100%;}.wp-block-uagb-container.uagb-is-root-container.alignfull.uagb-block-5aee6c9c > .uagb-container-inner-blocks-wrap{--inner-content-custom-width: min( 100%, 1024px);max-width: var(--inner-content-custom-width);width: 100%;}.wp-block-uagb-container.uagb-block-5aee6c9c{padding-top: 10px;padding-bottom: 10px;padding-left: 10px;padding-right: 10px;margin-top:  !important;margin-bottom:  !important;order: initial;background-color: #30665f;;}}@media only screen and (max-width: 767px) {.wp-block-uagb-container.uagb-is-root-container .uagb-block-5aee6c9c{max-width: 100%;width: 100%;}.wp-block-uagb-container.uagb-is-root-container.alignfull.uagb-block-5aee6c9c > .uagb-container-inner-blocks-wrap{--inner-content-custom-width: min( 100%, 767px);max-width: var(--inner-content-custom-width);width: 100%;flex-wrap: wrap;}.wp-block-uagb-container.uagb-block-5aee6c9c{padding-top: 10px;padding-bottom: 10px;padding-left: 10px;padding-right: 10px;margin-top:  !important;margin-bottom:  !important;order: initial;background-color: #30665f;;}}.wp-block-uagb-container.uagb-block-58e00206.wp-block-uagb-container{color: var(--ast-global-color-5);}.wp-block-uagb-container.uagb-block-58e00206.wp-block-uagb-container *{color: var(--ast-global-color-5);}.wp-block-uagb-container.uagb-block-58e00206 .uagb-container__shape-top svg{width: calc( 100% + 1.3px );}.wp-block-uagb-container.uagb-block-58e00206 .uagb-container__shape.uagb-container__shape-top .uagb-container__shape-fill{fill: rgba(51,51,51,1);}.wp-block-uagb-container.uagb-block-58e00206 .uagb-container__shape-bottom svg{width: calc( 100% + 1.3px );}.wp-block-uagb-container.uagb-block-58e00206 .uagb-container__shape.uagb-container__shape-bottom .uagb-container__shape-fill{fill: rgba(51,51,51,1);}.wp-block-uagb-container.uagb-block-58e00206 .uagb-container__video-wrap video{opacity: 1;}.wp-block-uagb-container.uagb-is-root-container .uagb-block-58e00206{max-width: 100%;width: 100%;}.wp-block-uagb-container.uagb-is-root-container.alignfull.uagb-block-58e00206 > .uagb-container-inner-blocks-wrap{--inner-content-custom-width: min( 100%, 1200px);max-width: var(--inner-content-custom-width);width: 100%;flex-direction: column;align-items: center;justify-content: center;flex-wrap: nowrap;row-gap: 20px;column-gap: 20px;}.wp-block-uagb-container.uagb-block-58e00206{box-shadow: 0px 0px   #00000070 ;padding-top: 10px;padding-bottom: 10px;padding-left: 10px;padding-right: 10px;margin-top:  !important;margin-bottom:  !important;overflow: visible;order: initial;border-color: inherit;background-color: #30665f;;row-gap: 20px;column-gap: 20px;}@media only screen and (max-width: 976px) {.wp-block-uagb-container.uagb-is-root-container .uagb-block-58e00206{width: 100%;}.wp-block-uagb-container.uagb-is-root-container.alignfull.uagb-block-58e00206 > .uagb-container-inner-blocks-wrap{--inner-content-custom-width: min( 100%, 1024px);max-width: var(--inner-content-custom-width);width: 100%;}.wp-block-uagb-container.uagb-block-58e00206{padding-top: 10px;padding-bottom: 10px;padding-left: 10px;padding-right: 10px;margin-top:  !important;margin-bottom:  !important;order: initial;background-color: #30665f;;}}@media only screen and (max-width: 767px) {.wp-block-uagb-container.uagb-is-root-container .uagb-block-58e00206{max-width: 100%;width: 100%;}.wp-block-uagb-container.uagb-is-root-container.alignfull.uagb-block-58e00206 > .uagb-container-inner-blocks-wrap{--inner-content-custom-width: min( 100%, 767px);max-width: var(--inner-content-custom-width);width: 100%;flex-wrap: wrap;}.wp-block-uagb-container.uagb-block-58e00206{padding-top: 10px;padding-bottom: 10px;padding-left: 10px;padding-right: 10px;margin-top:  !important;margin-bottom:  !important;order: initial;background-color: #30665f;;}}\";s:2:\"js\";s:0:\"\";s:18:\"current_block_list\";a:4:{i:0;s:14:\"uagb\/container\";i:1;s:14:\"core\/paragraph\";i:2;s:9:\"core\/list\";i:3;s:14:\"core\/list-item\";}s:8:\"uag_flag\";b:1;s:11:\"uag_version\";s:10:\"1777640899\";s:6:\"gfonts\";a:0:{}s:10:\"gfonts_url\";s:0:\"\";s:12:\"gfonts_files\";a:0:{}s:14:\"uag_faq_layout\";b:0;}"]},"uagb_featured_image_src":{"full":["https:\/\/www.npf.ie\/wp-content\/uploads\/2017\/03\/minister_coveney_meets_students_of_the_school_of_architecture_ul.jpg",1402,949,false],"thumbnail":["https:\/\/www.npf.ie\/wp-content\/uploads\/2017\/03\/minister_coveney_meets_students_of_the_school_of_architecture_ul-150x150.jpg",150,150,true],"medium":["https:\/\/www.npf.ie\/wp-content\/uploads\/2017\/03\/minister_coveney_meets_students_of_the_school_of_architecture_ul-300x203.jpg",300,203,true],"medium_large":["https:\/\/www.npf.ie\/wp-content\/uploads\/2017\/03\/minister_coveney_meets_students_of_the_school_of_architecture_ul-768x520.jpg",768,520,true],"large":["https:\/\/www.npf.ie\/wp-content\/uploads\/2017\/03\/minister_coveney_meets_students_of_the_school_of_architecture_ul-1024x693.jpg",1024,693,true],"1536x1536":["https:\/\/www.npf.ie\/wp-content\/uploads\/2017\/03\/minister_coveney_meets_students_of_the_school_of_architecture_ul.jpg",1402,949,false],"2048x2048":["https:\/\/www.npf.ie\/wp-content\/uploads\/2017\/03\/minister_coveney_meets_students_of_the_school_of_architecture_ul.jpg",1402,949,false]},"uagb_author_info":{"display_name":"Colette McCarthy","author_link":"https:\/\/www.npf.ie\/ga\/author\/colette-mccarthy\/"},"uagb_comment_info":0,"uagb_excerpt":"Agus \u00e9 i l\u00e1thair i Scoil na hAiltireachta, Ollscoil Luimnigh, inniu (D\u00e9 M\u00e1irt, 14 M\u00e1rta) lorg an tAire Tith\u00edochta, Plean\u00e1la [&hellip;]","_links":{"self":[{"href":"https:\/\/www.npf.ie\/ga\/wp-json\/wp\/v2\/posts\/5948","targetHints":{"allow":["GET"]}}],"collection":[{"href":"https:\/\/www.npf.ie\/ga\/wp-json\/wp\/v2\/posts"}],"about":[{"href":"https:\/\/www.npf.ie\/ga\/wp-json\/wp\/v2\/types\/post"}],"author":[{"embeddable":true,"href":"https:\/\/www.npf.ie\/ga\/wp-json\/wp\/v2\/users\/10"}],"replies":[{"embeddable":true,"href":"https:\/\/www.npf.ie\/ga\/wp-json\/wp\/v2\/comments?post=5948"}],"version-history":[{"count":4,"href":"https:\/\/www.npf.ie\/ga\/wp-json\/wp\/v2\/posts\/5948\/revisions"}],"predecessor-version":[{"id":5955,"href":"https:\/\/www.npf.ie\/ga\/wp-json\/wp\/v2\/posts\/5948\/revisions\/5955"}],"wp:featuredmedia":[{"embeddable":true,"href":"https:\/\/www.npf.ie\/ga\/wp-json\/wp\/v2\/media\/4121"}],"wp:attachment":[{"href":"https:\/\/www.npf.ie\/ga\/wp-json\/wp\/v2\/media?parent=5948"}],"wp:term":[{"taxonomy":"category","embeddable":true,"href":"https:\/\/www.npf.ie\/ga\/wp-json\/wp\/v2\/categories?post=5948"},{"taxonomy":"post_tag","embeddable":true,"href":"https:\/\/www.npf.ie\/ga\/wp-json\/wp\/v2\/tags?post=5948"}],"curies":[{"name":"wp","href":"https:\/\/api.w.org\/{rel}","templated":true}]}}